{"id":1,"date":"2021-10-13T21:18:27","date_gmt":"2021-10-13T19:18:27","guid":{"rendered":"http:\/\/faksa.fr\/?p=1"},"modified":"2024-02-14T07:28:25","modified_gmt":"2024-02-14T06:28:25","slug":"bonjour-tout-le-monde","status":"publish","type":"post","link":"https:\/\/faksa.fr\/index.php\/2021\/10\/13\/bonjour-tout-le-monde\/","title":{"rendered":"Stage Comm\u00e9moratif Kase-Ha"},"content":{"rendered":"\n<p style=\"font-size:14px\">Pour le 15e anniversaire du d\u00e9c\u00e8s de Ma\u00eetre Kase, six de ses disciples les plus grad\u00e9s (6 \u00e0 8e dan) lui ont rendu hommage en pr\u00e9sence de Yumiko Kase lors d&#8217;un grand stage les 16 et 17 novembre 2019. Derni\u00e8re h\u00e9riti\u00e8re directe de celui qui a amen\u00e9 le karate en France, elle avait fait le d\u00e9placement sp\u00e9cialement du Japon pour remercier ceux qui continuent de poursuivre le travail de son p\u00e8re.<\/p>\n\n\n\n<p style=\"font-size:14px\">A travers les diff\u00e9rents ateliers, les professeurs ont pu reprendre les techniques qu&#8217;ils ont perfectionn\u00e9es avec Soke Ta\u00efji Kase. Un karate sans concession o\u00f9 de longues ann\u00e9es de pratique sont n\u00e9cessaires pour r\u00e9aliser le geste juste avec un esprit fort, celui des Budokas. &#8220;Je retrouve ici les sons, l&#8217;esprit et les odeurs des entra\u00eenements de mon p\u00e8re&#8221;, confesse Mme Yumiko Kase qui n&#8217;a pas manqu\u00e9 de remercier chaleureusement les participants.<\/p>\n\n\n\n<p style=\"font-size:14px\">En photo, les professeurs : Sensei A.Verbeeck (8e Dan), C.Courtonne (7e Dan), M. Dobernig (7e Dan), J.L. Gentric (6e Dan), C. Leromancer (6e Dan), J.L. Siedlis (7e Dan)<\/p>\n","protected":false},"excerpt":{"rendered":"<p>Pour le 15e anniversaire du d\u00e9c\u00e8s de Ma\u00eetre Kase, six de ses disciples les plus grad\u00e9s (6 \u00e0 8e dan) lui ont rendu hommage en pr\u00e9sence de Yumiko Kase lors d&#8217;un grand stage les 16 et 17 novembre 2019. Derni\u00e8re h\u00e9riti\u00e8re directe de celui qui a amen\u00e9 le karate en France, elle avait fait le &hellip; <\/p>\n<p class=\"link-more\"><a href=\"https:\/\/faksa.fr\/index.php\/2021\/10\/13\/bonjour-tout-le-monde\/\" class=\"more-link\">Continue reading<span class=\"screen-reader-text\"> &#8220;Stage Comm\u00e9moratif Kase-Ha&#8221;<\/span><\/a><\/p>\n","protected":false},"author":1,"featured_media":165,"comment_status":"closed","ping_status":"closed","sticky":true,"template":"","format":"standard","meta":[],"categories":[4],"tags":[],"_links":{"self":[{"href":"https:\/\/faksa.fr\/index.php\/wp-json\/wp\/v2\/posts\/1"}],"collection":[{"href":"https:\/\/faksa.fr\/index.php\/wp-json\/wp\/v2\/posts"}],"about":[{"href":"https:\/\/faksa.fr\/index.php\/wp-json\/wp\/v2\/types\/post"}],"author":[{"embeddable":true,"href":"https:\/\/faksa.fr\/index.php\/wp-json\/wp\/v2\/users\/1"}],"replies":[{"embeddable":true,"href":"https:\/\/faksa.fr\/index.php\/wp-json\/wp\/v2\/comments?post=1"}],"version-history":[{"count":3,"href":"https:\/\/faksa.fr\/index.php\/wp-json\/wp\/v2\/posts\/1\/revisions"}],"predecessor-version":[{"id":159,"href":"https:\/\/faksa.fr\/index.php\/wp-json\/wp\/v2\/posts\/1\/revisions\/159"}],"wp:featuredmedia":[{"embeddable":true,"href":"https:\/\/faksa.fr\/index.php\/wp-json\/wp\/v2\/media\/165"}],"wp:attachment":[{"href":"https:\/\/faksa.fr\/index.php\/wp-json\/wp\/v2\/media?parent=1"}],"wp:term":[{"taxonomy":"category","embeddable":true,"href":"https:\/\/faksa.fr\/index.php\/wp-json\/wp\/v2\/categories?post=1"},{"taxonomy":"post_tag","embeddable":true,"href":"https:\/\/faksa.fr\/index.php\/wp-json\/wp\/v2\/tags?post=1"}],"curies":[{"name":"wp","href":"https:\/\/api.w.org\/{rel}","templated":true}]}}