{"id":100,"date":"2021-10-13T23:48:09","date_gmt":"2021-10-13T21:48:09","guid":{"rendered":"http:\/\/faksa.fr\/?p=100"},"modified":"2021-10-22T20:21:45","modified_gmt":"2021-10-22T18:21:45","slug":"un-haut-niveau-reconnu-pour-sensei-a-verbeeck-8e-dan-de-karate-shotokan-isks","status":"publish","type":"post","link":"https:\/\/faksa.fr\/index.php\/2021\/10\/13\/un-haut-niveau-reconnu-pour-sensei-a-verbeeck-8e-dan-de-karate-shotokan-isks\/","title":{"rendered":"UN HAUT  NIVEAU RECONNU pour Sensei A.Verbeeck : 8e Dan de Karate Shotokan ISKS"},"content":{"rendered":"\n<p style=\"font-size:2px\">Rest\u00e9 fid\u00e8le \u00e0 son ma\u00eetre&nbsp; pendant 40 ans , Alain Verbeeck parcourt les dojos depuis environ 20 ans en affichant un 6e dan KSKA (dernier grade d\u00e9cern\u00e9 par sensei&nbsp; KASE&nbsp; avant sa disparition). En effet, durant toutes ces ann\u00e9es, seule&nbsp; l\u2019appr\u00e9ciation de son ma\u00eetre le motivait .<\/p>\n\n\n\n<p class=\"has-normal-font-size\"><strong>Cependant, une d\u00e9cision prise en\u00a0 janvier 2019 amplifiera le rayonnement du karat\u00e9 KASE-HA dispens\u00e9 par sensei VERBEECK .<\/strong><\/p>\n\n\n\n<p style=\"font-size:14px\">Son parcours atypique&nbsp; construit lors des nombreux stages internationnaux dirig\u00e9s par sensei KASE, le partage de ses connaissances depuis pr\u00e8s de 56 ans ont particip\u00e9 \u00e0 l\u2019enrichissement d\u2019un curriculum vitae des plus impressionnants.<\/p>\n\n\n\n<p style=\"font-size:14px\">Fortement interpell\u00e9 par cet investissement sinc\u00e8re de toute une vie consacr\u00e9e \u00e0 la pratique du karat\u00e9-do, un ensemble de haut-grad\u00e9s (shihankai international)&nbsp; a souhait\u00e9 reconna\u00eetre et faire reconna\u00eetre la grandeur du karateka.&nbsp; Cette institution attribue \u00e0 sensei Alain Verbeeck un 8e DAN .<\/p>\n\n\n\n<p style=\"font-size:14px\">Il devient alors membre de International Shotokan-ryu Karate Shihankai (ISKS), instance internationale aupr\u00e8s de laquelle A. Verbeeck poursuivra&nbsp; le partage de ses nombreuses connaissances avec le m\u00eame grand enthousiasme que celui qui l\u2019habite depuis toutes ces ann\u00e9es.<\/p>\n\n\n\n<p style=\"font-size:14px\">FELICITATIONS \u00c0 SENSEI&nbsp;&nbsp;<br>ALAIN VERBEECK 8e DAN ISKS<\/p>\n","protected":false},"excerpt":{"rendered":"<p>Rest\u00e9 fid\u00e8le \u00e0 son ma\u00eetre&nbsp; pendant 40 ans , Alain Verbeeck parcourt les dojos depuis environ 20 ans en affichant un 6e dan KSKA (dernier grade d\u00e9cern\u00e9 par sensei&nbsp; KASE&nbsp; avant sa disparition). En effet, durant toutes ces ann\u00e9es, seule&nbsp; l\u2019appr\u00e9ciation de son ma\u00eetre le motivait . Cependant, une d\u00e9cision prise en\u00a0 janvier 2019 amplifiera &hellip; <\/p>\n<p class=\"link-more\"><a href=\"https:\/\/faksa.fr\/index.php\/2021\/10\/13\/un-haut-niveau-reconnu-pour-sensei-a-verbeeck-8e-dan-de-karate-shotokan-isks\/\" class=\"more-link\">Continue reading<span class=\"screen-reader-text\"> &#8220;UN HAUT  NIVEAU RECONNU pour Sensei A.Verbeeck : 8e Dan de Karate Shotokan ISKS&#8221;<\/span><\/a><\/p>\n","protected":false},"author":1,"featured_media":0,"comment_status":"open","ping_status":"open","sticky":false,"template":"","format":"standard","meta":[],"categories":[4],"tags":[],"_links":{"self":[{"href":"https:\/\/faksa.fr\/index.php\/wp-json\/wp\/v2\/posts\/100"}],"collection":[{"href":"https:\/\/faksa.fr\/index.php\/wp-json\/wp\/v2\/posts"}],"about":[{"href":"https:\/\/faksa.fr\/index.php\/wp-json\/wp\/v2\/types\/post"}],"author":[{"embeddable":true,"href":"https:\/\/faksa.fr\/index.php\/wp-json\/wp\/v2\/users\/1"}],"replies":[{"embeddable":true,"href":"https:\/\/faksa.fr\/index.php\/wp-json\/wp\/v2\/comments?post=100"}],"version-history":[{"count":2,"href":"https:\/\/faksa.fr\/index.php\/wp-json\/wp\/v2\/posts\/100\/revisions"}],"predecessor-version":[{"id":158,"href":"https:\/\/faksa.fr\/index.php\/wp-json\/wp\/v2\/posts\/100\/revisions\/158"}],"wp:attachment":[{"href":"https:\/\/faksa.fr\/index.php\/wp-json\/wp\/v2\/media?parent=100"}],"wp:term":[{"taxonomy":"category","embeddable":true,"href":"https:\/\/faksa.fr\/index.php\/wp-json\/wp\/v2\/categories?post=100"},{"taxonomy":"post_tag","embeddable":true,"href":"https:\/\/faksa.fr\/index.php\/wp-json\/wp\/v2\/tags?post=100"}],"curies":[{"name":"wp","href":"https:\/\/api.w.org\/{rel}","templated":true}]}}