{"id":104,"date":"2021-10-13T23:51:29","date_gmt":"2021-10-13T21:51:29","guid":{"rendered":"http:\/\/faksa.fr\/?p=104"},"modified":"2021-10-22T21:22:20","modified_gmt":"2021-10-22T19:22:20","slug":"104","status":"publish","type":"post","link":"https:\/\/faksa.fr\/index.php\/2021\/10\/13\/104\/","title":{"rendered":"Livre Sh\u00f4t\u00f4kan Karate D\u00f4 Kata"},"content":{"rendered":"\n<p style=\"font-size:14px\">Destin\u00e9 aux pratiquants de l&#8217;\u00e9cole Shotokan de karat\u00e9 (80% des pratiquants fran\u00e7ais), ce guide d&#8217;apprentissage des katas, offre de multiples outils pour une meilleure compr\u00e9hension des katas. Il permet de m\u00e9moriser les encha\u00eenements codifi\u00e9s du karat\u00e9 \u00e0 l&#8217;appui de photos prises sous plusieurs angles avec un panorama de chaque kata sur une double page. Les encha\u00eenements avec partenaires sont expliqu\u00e9s pour permettre une compr\u00e9hension compl\u00e8te.<\/p>\n\n\n\n<p style=\"font-size:14px\">IMG 7143Tous les katas traditionnels du Shotokan, des plus fondamentaux aux plus sophistiqu\u00e9s, sont pr\u00e9sents, ainsi que le Ten no Kata (publi\u00e9 pour la premi\u00e8re fois) et deux katas cr\u00e9\u00e9s par Ma\u00eetre Kase (Heian Oyo et Tekki Oyo). Un soin particulier a \u00e9t\u00e9 port\u00e9 aux finitions de l&#8217;ouvrage qui en font un livre d&#8217;exception reprenant les sp\u00e9cificit\u00e9s de l&#8217;enseignement de Ma\u00eetre Kase \u00e0 un moment o\u00f9 l&#8217;on comm\u00e9more les 15 ans de sa disparition.<\/p>\n\n\n\n<p><strong>EDITO<\/strong><\/p>\n\n\n\n<p style=\"font-size:14px\">Suite au grand succ\u00e8s de la premi\u00e8re \u00e9dition de l&#8217;ouvrage, la famille Kase a souhait\u00e9 le r\u00e9\u00e9diter dans une nouvelle version enrichie. Tardivement achev\u00e9, avec la collaboration de mon assistant Yann Lelong (que je remercie pour ses comp\u00e9tences et sa grande disponibilit\u00e9) cet ouvrage participera \u00e0 mon d\u00e9sir de rendre hommage \u00e0 Sachiko Kase, brutalement disparue apr\u00e8s s&#8217;\u00eatre pleinement investie dans ce projet. Je remercie Madame Kase pour l&#8217;enti\u00e8re confiance qu&#8217;elle m&#8217;a adress\u00e9e en vue de l&#8217;\u00e9dition de ce nouvel ouvrage. Cependant, \u00e0 l&#8217;heure de ces mots, le destin a voulu que Madame Kase rejoingne son mari et sa fille. Le r\u00f4le de porte-parole revient \u00e0 Yumiko Kase, derni\u00e8re h\u00e9riti\u00e8re directe du Ma\u00eetre. Que ce livre puisse p\u00e9renniser \u00e0 tout jamais l&#8217;enseignement de sensi Kase, ce grand ma\u00eetre reconnu dans le monde entier.<\/p>\n\n\n\n<div class=\"wp-block-image\"><figure class=\"alignright size-large is-resized\"><img loading=\"lazy\" src=\"http:\/\/faksa.fr\/wp-content\/uploads\/2021\/10\/Capture-de\u0301cran-le-2021-10-22-a\u0300-21.14.52.png\" alt=\"\" class=\"wp-image-172\" width=\"287\" height=\"189\" srcset=\"https:\/\/faksa.fr\/wp-content\/uploads\/2021\/10\/Capture-de\u0301cran-le-2021-10-22-a\u0300-21.14.52.png 598w, https:\/\/faksa.fr\/wp-content\/uploads\/2021\/10\/Capture-de\u0301cran-le-2021-10-22-a\u0300-21.14.52-300x198.png 300w\" sizes=\"(max-width: 287px) 100vw, 287px\" \/><\/figure><\/div>\n\n\n\n<p>AlainVerbeeck<\/p>\n\n\n\n<p>\u00c9l\u00e8ve de ma\u00eetre Kase<br>de 1968 \u00e0 2004<\/p>\n\n\n\n<p style=\"font-size:14px\"><em>La disparition de ma soeur Sachiko en mars 2018, nous a tous sombr\u00e9 dans la tristesse la plus profonde. Depuis plusieurs mois elle avait entrepris la r\u00e9vision des livres de katas de notre p\u00e8re defunt, ma\u00eetre Taiji Kase, en collaboration avec Messeurs Alain Verbeeck et Yann Lelong, \u00e0 qui Sachiko et ma m\u00e8re Madame Chieko Kase avaient une enti\u00e8re confiance, mais ce travail s&#8217;est arr\u00eat\u00e9 subitement avec son d\u00e9c\u00e8s.<\/em><\/p>\n\n\n\n<div class=\"wp-block-image\"><figure class=\"alignleft size-large\"><img loading=\"lazy\" width=\"263\" height=\"192\" src=\"http:\/\/faksa.fr\/wp-content\/uploads\/2021\/10\/yumiko.jpeg\" alt=\"\" class=\"wp-image-151\"\/><\/figure><\/div>\n\n\n\n<p style=\"font-size:14px\"><em>L&#8217;ann\u00e9e 2008 fut de nouveau frapp\u00e9e par le deuil avec la disparition de notre m\u00e8re Chieko Kase en octobre. Restant la seule h\u00e9riti\u00e8re de la famille Kase, j&#8217;ai d\u00e9cid\u00e9 de reprendre le flambeau allum\u00e9 par ma soeur Sachiko.<\/em><\/p>\n\n\n\n<p class=\"has-normal-font-size\"><em>Yumiko Inaba Kase<\/em><\/p>\n","protected":false},"excerpt":{"rendered":"<p>Destin\u00e9 aux pratiquants de l&#8217;\u00e9cole Shotokan de karat\u00e9 (80% des pratiquants fran\u00e7ais), ce guide d&#8217;apprentissage des katas, offre de multiples outils pour une meilleure compr\u00e9hension des katas. Il permet de m\u00e9moriser les encha\u00eenements codifi\u00e9s du karat\u00e9 \u00e0 l&#8217;appui de photos prises sous plusieurs angles avec un panorama de chaque kata sur une double page. Les &hellip; <\/p>\n<p class=\"link-more\"><a href=\"https:\/\/faksa.fr\/index.php\/2021\/10\/13\/104\/\" class=\"more-link\">Continue reading<span class=\"screen-reader-text\"> &#8220;Livre Sh\u00f4t\u00f4kan Karate D\u00f4 Kata&#8221;<\/span><\/a><\/p>\n","protected":false},"author":1,"featured_media":120,"comment_status":"open","ping_status":"open","sticky":false,"template":"","format":"standard","meta":[],"categories":[4],"tags":[],"_links":{"self":[{"href":"https:\/\/faksa.fr\/index.php\/wp-json\/wp\/v2\/posts\/104"}],"collection":[{"href":"https:\/\/faksa.fr\/index.php\/wp-json\/wp\/v2\/posts"}],"about":[{"href":"https:\/\/faksa.fr\/index.php\/wp-json\/wp\/v2\/types\/post"}],"author":[{"embeddable":true,"href":"https:\/\/faksa.fr\/index.php\/wp-json\/wp\/v2\/users\/1"}],"replies":[{"embeddable":true,"href":"https:\/\/faksa.fr\/index.php\/wp-json\/wp\/v2\/comments?post=104"}],"version-history":[{"count":7,"href":"https:\/\/faksa.fr\/index.php\/wp-json\/wp\/v2\/posts\/104\/revisions"}],"predecessor-version":[{"id":173,"href":"https:\/\/faksa.fr\/index.php\/wp-json\/wp\/v2\/posts\/104\/revisions\/173"}],"wp:featuredmedia":[{"embeddable":true,"href":"https:\/\/faksa.fr\/index.php\/wp-json\/wp\/v2\/media\/120"}],"wp:attachment":[{"href":"https:\/\/faksa.fr\/index.php\/wp-json\/wp\/v2\/media?parent=104"}],"wp:term":[{"taxonomy":"category","embeddable":true,"href":"https:\/\/faksa.fr\/index.php\/wp-json\/wp\/v2\/categories?post=104"},{"taxonomy":"post_tag","embeddable":true,"href":"https:\/\/faksa.fr\/index.php\/wp-json\/wp\/v2\/tags?post=104"}],"curies":[{"name":"wp","href":"https:\/\/api.w.org\/{rel}","templated":true}]}}