{"id":126,"date":"2021-10-19T08:24:29","date_gmt":"2021-10-19T06:24:29","guid":{"rendered":"http:\/\/faksa.fr\/?p=126"},"modified":"2021-10-22T20:22:52","modified_gmt":"2021-10-22T18:22:52","slug":"sensei-verbeeck-accompagne-satori","status":"publish","type":"post","link":"https:\/\/faksa.fr\/index.php\/2021\/10\/19\/sensei-verbeeck-accompagne-satori\/","title":{"rendered":"Sensei Verbeeck Accompagne SATORI"},"content":{"rendered":"\n<p style=\"font-size:14px\">Sensei Alain Verbeeck rappelle qu&#8217;il a toujours \u00e9t\u00e9 habit\u00e9 par l\u2019esprit de son ma\u00eetre, Soke Ta\u00efji Kase. Sa vie de karateka, il la consacre \u00e0 transmettre l&#8217;enseignement qu&#8217;il a re\u00e7u de telle sorte \u00e0 garder la flamme de celui qui a introduit et d\u00e9velopp\u00e9 le karate do en France.&nbsp;<\/p>\n\n\n\n<p style=\"font-size:14px\">\u00c0 son tour, Sensei Verbeeck accompagne ceux qui comme lui souhaitent pr\u00e9server l&#8217;esprit Kase-Ha. Dans une bourgade de Bretagne, il y a un lieu qui a su s\u00e9duire Sensei Verbeeck par son authenticit\u00e9 et sa fid\u00e9lit\u00e9 aux pr\u00e9ceptes du Karate Do. Ce lieu, c&#8217;est l&#8217;association SATORI, un &#8220;centre d\u2019\u00e9ducation globale par le sport&#8221; qui est sorti de terre gr\u00e2ce \u00e0 la ferveur et le travail de ses membres, men\u00e9 par Sensei Christian Leromancer, lui-m\u00eame \u00e9l\u00e8ve de Soke Ta\u00efji Kase.&nbsp;<\/p>\n\n\n\n<!--more-->\n\n\n\n<p style=\"font-size:14px\">Sensei Verbeeck y dirige r\u00e9guli\u00e8rement des stages internationaux. \u00c0&nbsp;chaque visite, les moments de pratique du Karate Do sont intenses, et les retrouvailles des pratiquants, les moments de partage ne sont pas moins chaleureux. C&#8217;est cette convivialit\u00e9 qui motive toute personne entrant dans le dojo, quel que soit son niveau. Par ailleurs, la construction du dojo est port\u00e9e par la lnoblesse des mat\u00e9riaux utilis\u00e9s : la force du ch\u00eane (porte), l\u2019authenticit\u00e9 de la pierre (les murs), mais ce sont les cris, la sueur de chaque entra\u00eenement qui porteront \u00e0 tout jamais ce lieu exceptionnel .<\/p>\n\n\n\n<p style=\"font-size:14px\">A l\u2019entr\u00e9e du dojo s\u2019impose un plancher tel qu&#8217;on les voit dans les dojos japonais. Le premier m\u00e8tre carr\u00e9 de plancher (cf photo) est particulier car il vient tout droit du dojo personnel de sensei KASE, re\u00e7u avec honneur par la famille KASE. Rester dans les pas du ma\u00eetre avant l\u2019ex\u00e9cution de la premi\u00e8re technique, c&#8217;est tout le sens de ce m\u00e8tre carr\u00e9 de plancher. Il pourrait passer inaper\u00e7u pour les non initi\u00e9s mais d&#8217;aucuns, \u00e0 l&#8217;espace Satori, diront que c&#8217;est ici que comment l&#8217;entra\u00eenement anim\u00e9 d\u2019une \u00e9nergie intemporelle sans cesse renouvel\u00e9e.<\/p>\n\n\n\n<figure class=\"wp-block-gallery columns-1 is-cropped\"><ul class=\"blocks-gallery-grid\"><li class=\"blocks-gallery-item\"><figure><img loading=\"lazy\" width=\"768\" height=\"1024\" src=\"http:\/\/faksa.fr\/wp-content\/uploads\/2021\/10\/verbe-768x1024.jpg\" alt=\"\" data-id=\"127\" data-full-url=\"http:\/\/faksa.fr\/wp-content\/uploads\/2021\/10\/verbe.jpg\" data-link=\"http:\/\/faksa.fr\/?attachment_id=127\" class=\"wp-image-127\" srcset=\"https:\/\/faksa.fr\/wp-content\/uploads\/2021\/10\/verbe-768x1024.jpg 768w, https:\/\/faksa.fr\/wp-content\/uploads\/2021\/10\/verbe-225x300.jpg 225w, https:\/\/faksa.fr\/wp-content\/uploads\/2021\/10\/verbe.jpg 1080w\" sizes=\"(max-width: 767px) 89vw, (max-width: 1000px) 54vw, (max-width: 1071px) 543px, 580px\" \/><\/figure><\/li><\/ul><\/figure>\n\n\n\n<p>ALAIN VERBEECK&nbsp;&nbsp;OSS\u5c06\u8ecd.<\/p>\n","protected":false},"excerpt":{"rendered":"<p>Sensei Alain Verbeeck rappelle qu&#8217;il a toujours \u00e9t\u00e9 habit\u00e9 par l\u2019esprit de son ma\u00eetre, Soke Ta\u00efji Kase. Sa vie de karateka, il la consacre \u00e0 transmettre l&#8217;enseignement qu&#8217;il a re\u00e7u de telle sorte \u00e0 garder la flamme de celui qui a introduit et d\u00e9velopp\u00e9 le karate do en France.&nbsp; \u00c0 son tour, Sensei Verbeeck accompagne &hellip; <\/p>\n<p class=\"link-more\"><a href=\"https:\/\/faksa.fr\/index.php\/2021\/10\/19\/sensei-verbeeck-accompagne-satori\/\" class=\"more-link\">Continue reading<span class=\"screen-reader-text\"> &#8220;Sensei Verbeeck Accompagne SATORI&#8221;<\/span><\/a><\/p>\n","protected":false},"author":1,"featured_media":128,"comment_status":"open","ping_status":"open","sticky":false,"template":"","format":"standard","meta":[],"categories":[4],"tags":[],"_links":{"self":[{"href":"https:\/\/faksa.fr\/index.php\/wp-json\/wp\/v2\/posts\/126"}],"collection":[{"href":"https:\/\/faksa.fr\/index.php\/wp-json\/wp\/v2\/posts"}],"about":[{"href":"https:\/\/faksa.fr\/index.php\/wp-json\/wp\/v2\/types\/post"}],"author":[{"embeddable":true,"href":"https:\/\/faksa.fr\/index.php\/wp-json\/wp\/v2\/users\/1"}],"replies":[{"embeddable":true,"href":"https:\/\/faksa.fr\/index.php\/wp-json\/wp\/v2\/comments?post=126"}],"version-history":[{"count":4,"href":"https:\/\/faksa.fr\/index.php\/wp-json\/wp\/v2\/posts\/126\/revisions"}],"predecessor-version":[{"id":160,"href":"https:\/\/faksa.fr\/index.php\/wp-json\/wp\/v2\/posts\/126\/revisions\/160"}],"wp:featuredmedia":[{"embeddable":true,"href":"https:\/\/faksa.fr\/index.php\/wp-json\/wp\/v2\/media\/128"}],"wp:attachment":[{"href":"https:\/\/faksa.fr\/index.php\/wp-json\/wp\/v2\/media?parent=126"}],"wp:term":[{"taxonomy":"category","embeddable":true,"href":"https:\/\/faksa.fr\/index.php\/wp-json\/wp\/v2\/categories?post=126"},{"taxonomy":"post_tag","embeddable":true,"href":"https:\/\/faksa.fr\/index.php\/wp-json\/wp\/v2\/tags?post=126"}],"curies":[{"name":"wp","href":"https:\/\/api.w.org\/{rel}","templated":true}]}}