{"id":143,"date":"2021-10-22T19:42:33","date_gmt":"2021-10-22T17:42:33","guid":{"rendered":"http:\/\/faksa.fr\/?p=143"},"modified":"2021-10-22T21:19:48","modified_gmt":"2021-10-22T19:19:48","slug":"interview-de-sensei-verbeeck","status":"publish","type":"post","link":"https:\/\/faksa.fr\/index.php\/2021\/10\/22\/interview-de-sensei-verbeeck\/","title":{"rendered":"Interview de Sensei Verbeeck"},"content":{"rendered":"\n<p style=\"font-size:1px\"><strong>C\u2019est au cours d\u2019un stage \u00e0 St-Rapha\u00ebl que&nbsp;vous avez rencontr\u00e9 Sensei Kase en 1968, et depuis vous lui \u00eates rest\u00e9 fid\u00e8le ; quel pratiquant \u00e9tiez-vous avant cette rencontre, et qu\u2019a-t\u2019elle chang\u00e9 pour celui que vous \u00eates devenu ensuite ?<\/strong><\/p>\n\n\n\n<div class=\"wp-block-image\"><figure class=\"alignright size-large is-resized\"><img loading=\"lazy\" src=\"http:\/\/faksa.fr\/wp-content\/uploads\/2021\/10\/kase_verbeeck2-1.jpg\" alt=\"\" class=\"wp-image-146\" width=\"290\" height=\"440\" srcset=\"https:\/\/faksa.fr\/wp-content\/uploads\/2021\/10\/kase_verbeeck2-1.jpg 290w, https:\/\/faksa.fr\/wp-content\/uploads\/2021\/10\/kase_verbeeck2-1-198x300.jpg 198w\" sizes=\"(max-width: 290px) 100vw, 290px\" \/><\/figure><\/div>\n\n\n\n<p style=\"font-size:14px\">En 1968, juste apr\u00e8s les \u00e9v\u00e9nements de Mai, je pars avec trois copains \u00e0 St Rapha\u00ebl. Eux pour des vacances, moi pour un stage de karat\u00e9. Nous avions eu connaissance de la venue d\u2019un expert japonais par la f\u00e9d\u00e9ration de judo \u00e0 laquelle nous \u00e9tions affili\u00e9s.<\/p>\n\n\n\n<p style=\"font-size:14px\">J\u2019\u00e9tais ceinture marron, j\u2019avais d\u00e9marr\u00e9 le karat\u00e9 en 1963. Au mois d\u2019octobre de la m\u00eame ann\u00e9e je passais mon grade de ceinture noire Shodan.<\/p>\n\n\n\n<p style=\"font-size:14px\">Depuis il m\u2019a toujours conseill\u00e9, orient\u00e9 dans ma vie professionnelle, aid\u00e9 dans mes diff\u00e9rents probl\u00e8mes. Ensuite chaque ann\u00e9e j\u2019ai particip\u00e9 \u00e0 diff\u00e9rents stages avec ce grand&nbsp;ma\u00eetre, je suis donc devenu assistant et disciple, et nous avons fait ensemble un long chemin de 36 ann\u00e9es.<\/p>\n\n\n\n<!--more-->\n\n\n\n<p><\/p>\n\n\n\n<p style=\"font-size:14px\">Au d\u00e9but c\u2019\u00e9taient des tourn\u00e9es en France chez les diff\u00e9rents assistants, Paris, Nantes, Tours, Limoges, Annecy, etc, ensuite dans le monde entier. Essayez d\u2019imaginer l\u2019ambiance d\u2019un stage qui regroupe des repr\u00e9sentants des pays tels que l\u2019Espagne, le Portugal, l\u2019Angleterre, l\u2019Italie, la Belgique (toute l\u2019Europe) l\u2019Afrique du sud, l\u2019Am\u00e9rique du sud et j\u2019en passe \u2026<\/p>\n\n\n\n<p style=\"font-size:15px\"><strong>Comment se d\u00e9roulaient les stages de Sensei ?<\/strong>&nbsp;<strong>Quelles \u00e9taient les r\u00e8gles, la discipline ?&nbsp;Avez-vous des anecdotes \u00e0 nous livrer \u00e0 ce propos ?<\/strong><\/p>\n\n\n\n<p style=\"font-size:14px\">J\u2019ai \u00e9t\u00e9 marqu\u00e9 par cet homme, 1\u00e8re rencontre, 1er stage et j\u2019\u00e9tais s\u00fbr que ce serait lui qui me guiderait.<\/p>\n\n\n\n<p style=\"font-size:14px\">Le stage de St Rapha\u00ebl, 15 jours de stage :&nbsp;1\u00e8re semaine Kata et Bunka\u00ef; j\u2019\u00e9tais bon combattant mais mes connaissances en kata se limitaient \u00e0Heian Shodan et un Heian Nidan, et je pensais tout conna\u00eetre des katas \u00e0 &nbsp;l\u2019\u00e9poque. J\u2019ai termin\u00e9 cette premi\u00e8re semaine, je connaissais les 5 Heian et 6 katas sup\u00e9rieurs.<\/p>\n\n\n\n<p style=\"font-size:14px\">2\u00e8me semaine, kumit\u00e9; matin, soir et m\u00eame un entra\u00eenement la nuit, j\u2019\u00e9tais dr\u00f4lement bronz\u00e9 aux avant-bras et tibias&#8230; !&nbsp;Et apr\u00e8s l\u2019effort, le r\u00e9confort, Campa\u00ef avec une bonne bi\u00e8re.<\/p>\n\n\n\n<div class=\"wp-block-image\"><figure class=\"alignright size-large is-resized\"><img loading=\"lazy\" src=\"http:\/\/faksa.fr\/wp-content\/uploads\/2021\/10\/Capture-de\u0301cran-le-2021-10-22-a\u0300-21.18.59.png\" alt=\"\" class=\"wp-image-166\" width=\"383\" height=\"606\"\/><\/figure><\/div>\n\n\n\n<p style=\"font-size:14px\">Durant toutes ces ann\u00e9es, des anecdotes j\u2019en ai accumul\u00e9es un certain nombre. Lorsque j\u2019\u00e9voque mon statut d\u2019assistant en voici une :&nbsp;Lors des cours sp\u00e9ciaux \u00e0 Paris au sein de l\u2019association France Shotokan Ryu, les entra\u00eenements \u00e9taient forts, les stages durs, parfois interminables.&nbsp;Sensei Kas\u00e9 ne regardait plus l\u2019heure \u00e0 sa montre.<strong>Quelles sont les qualit\u00e9s que vous tenez \u00e0 transmettre \u00e0 vos \u00e9l\u00e8ves, et au travers de quelles techniques en particulier ?<\/strong><\/p>\n\n\n\n<p style=\"font-size:14px\">Un \u00e9l\u00e8ve est un individu avant tout avec son physique, sa personnalit\u00e9 fond\u00e9e sur son histoire. Il se pr\u00e9sente \u00e0 vous en disant \u00abje veux faire du karat\u00e9\u00bb; l\u2019id\u00e9e qu\u2019il se faisait de la discipline (sport de combat, self d\u00e9fense) \u00e9voluera avec les ann\u00e9es de pratique, r\u00e9guli\u00e8re et rigoureuse. Une pratique anim\u00e9e par la confiance, la perm\u00e9abilit\u00e9 face \u00e0 l\u2019enseignement dispens\u00e9.<\/p>\n\n\n\n<p>Un karat\u00e9ka s\u2019entra\u00eene au sein d\u2019un club, avec d\u2019autres adh\u00e9rents parfois partenaires, parfois adversaires.<\/p>\n\n\n\n<p style=\"font-size:14px\">La m\u00e9fiance, la confiance, le courage, le respect, l\u2019entraide fortifient l\u2019individu. Enrichi par la diversit\u00e9 de l\u2019enseignement du Karat\u00e9-do, ses techniques, ses mises en situation, ses katas, le karat\u00e9ka d\u00e9couvrira une disponibilit\u00e9 face \u00e0 toutes les situations travaill\u00e9es au dojo.&nbsp;Comme dans la vie, il aura d\u00e9velopp\u00e9 un pouvoir d\u2019adaptabilit\u00e9; je pratique l\u2019Art Martial, le Karat\u00e9-do.<\/p>\n","protected":false},"excerpt":{"rendered":"<p>C\u2019est au cours d\u2019un stage \u00e0 St-Rapha\u00ebl que&nbsp;vous avez rencontr\u00e9 Sensei Kase en 1968, et depuis vous lui \u00eates rest\u00e9 fid\u00e8le ; quel pratiquant \u00e9tiez-vous avant cette rencontre, et qu\u2019a-t\u2019elle chang\u00e9 pour celui que vous \u00eates devenu ensuite ? En 1968, juste apr\u00e8s les \u00e9v\u00e9nements de Mai, je pars avec trois copains \u00e0 St Rapha\u00ebl. &hellip; <\/p>\n<p class=\"link-more\"><a href=\"https:\/\/faksa.fr\/index.php\/2021\/10\/22\/interview-de-sensei-verbeeck\/\" class=\"more-link\">Continue reading<span class=\"screen-reader-text\"> &#8220;Interview de Sensei Verbeeck&#8221;<\/span><\/a><\/p>\n","protected":false},"author":1,"featured_media":147,"comment_status":"open","ping_status":"open","sticky":false,"template":"","format":"standard","meta":[],"categories":[4],"tags":[],"_links":{"self":[{"href":"https:\/\/faksa.fr\/index.php\/wp-json\/wp\/v2\/posts\/143"}],"collection":[{"href":"https:\/\/faksa.fr\/index.php\/wp-json\/wp\/v2\/posts"}],"about":[{"href":"https:\/\/faksa.fr\/index.php\/wp-json\/wp\/v2\/types\/post"}],"author":[{"embeddable":true,"href":"https:\/\/faksa.fr\/index.php\/wp-json\/wp\/v2\/users\/1"}],"replies":[{"embeddable":true,"href":"https:\/\/faksa.fr\/index.php\/wp-json\/wp\/v2\/comments?post=143"}],"version-history":[{"count":4,"href":"https:\/\/faksa.fr\/index.php\/wp-json\/wp\/v2\/posts\/143\/revisions"}],"predecessor-version":[{"id":167,"href":"https:\/\/faksa.fr\/index.php\/wp-json\/wp\/v2\/posts\/143\/revisions\/167"}],"wp:featuredmedia":[{"embeddable":true,"href":"https:\/\/faksa.fr\/index.php\/wp-json\/wp\/v2\/media\/147"}],"wp:attachment":[{"href":"https:\/\/faksa.fr\/index.php\/wp-json\/wp\/v2\/media?parent=143"}],"wp:term":[{"taxonomy":"category","embeddable":true,"href":"https:\/\/faksa.fr\/index.php\/wp-json\/wp\/v2\/categories?post=143"},{"taxonomy":"post_tag","embeddable":true,"href":"https:\/\/faksa.fr\/index.php\/wp-json\/wp\/v2\/tags?post=143"}],"curies":[{"name":"wp","href":"https:\/\/api.w.org\/{rel}","templated":true}]}}